{"id":8956,"date":"2023-03-01T21:19:31","date_gmt":"2023-03-02T02:19:31","guid":{"rendered":"https:\/\/www.masconline.ca\/?p=8956"},"modified":"2023-03-01T21:20:30","modified_gmt":"2023-03-02T02:20:30","slug":"mars-est-le-mois-de-la-francophonie","status":"publish","type":"post","link":"https:\/\/www.masconline.ca\/fr\/mars-est-le-mois-de-la-francophonie\/","title":{"rendered":"Mars est Le Mois de la Francophonie"},"content":{"rendered":"\n<p class=\"has-text-align-center\">C\u00e9l\u00e9brez les arts en fran\u00e7ais avec nos artistes francophones.<\/p>\n\n\n\n<p class=\"has-text-align-center\"><img loading=\"lazy\" decoding=\"async\" height=\"16\" width=\"16\" src=\"https:\/\/static.xx.fbcdn.net\/images\/emoji.php\/v9\/te8\/2\/16\/1f4da.png\" alt=\"\ud83d\udcda\"> Les contes ! <img loading=\"lazy\" decoding=\"async\" height=\"16\" width=\"16\" src=\"https:\/\/static.xx.fbcdn.net\/images\/emoji.php\/v9\/t1d\/2\/16\/1f3a4.png\" alt=\"\ud83c\udfa4\"> La musique ! <img loading=\"lazy\" decoding=\"async\" height=\"16\" width=\"16\" src=\"https:\/\/static.xx.fbcdn.net\/images\/emoji.php\/v9\/tbe\/2\/16\/1f3b6.png\" alt=\"\ud83c\udfb6\"> La danse ! <img loading=\"lazy\" decoding=\"async\" height=\"16\" width=\"16\" src=\"https:\/\/static.xx.fbcdn.net\/images\/emoji.php\/v9\/t66\/2\/16\/1f483.png\" alt=\"\ud83d\udc83\"> Les murales ! <img loading=\"lazy\" decoding=\"async\" height=\"16\" width=\"16\" src=\"https:\/\/static.xx.fbcdn.net\/images\/emoji.php\/v9\/t21\/2\/16\/1f3a8.png\" alt=\"\ud83c\udfa8\"><\/p>\n\n\n\n<figure class=\"wp-block-image size-large\"><a href=\"https:\/\/www.masconline.ca\/fr\/nos-artistes\/\"><img loading=\"lazy\" decoding=\"async\" width=\"1024\" height=\"576\" src=\"https:\/\/www.masconline.ca\/wp-content\/uploads\/2023\/03\/MASC_Eflyer_Mars-Franco_SMT_F-1024x576.jpg\" alt=\"\" class=\"wp-image-8959\" srcset=\"https:\/\/www.masconline.ca\/wp-content\/uploads\/2023\/03\/MASC_Eflyer_Mars-Franco_SMT_F-1024x576.jpg 1024w, https:\/\/www.masconline.ca\/wp-content\/uploads\/2023\/03\/MASC_Eflyer_Mars-Franco_SMT_F-300x169.jpg 300w, https:\/\/www.masconline.ca\/wp-content\/uploads\/2023\/03\/MASC_Eflyer_Mars-Franco_SMT_F-768x432.jpg 768w, https:\/\/www.masconline.ca\/wp-content\/uploads\/2023\/03\/MASC_Eflyer_Mars-Franco_SMT_F-1536x864.jpg 1536w, https:\/\/www.masconline.ca\/wp-content\/uploads\/2023\/03\/MASC_Eflyer_Mars-Franco_SMT_F-2048x1152.jpg 2048w, https:\/\/www.masconline.ca\/wp-content\/uploads\/2023\/03\/MASC_Eflyer_Mars-Franco_SMT_F-200x113.jpg 200w\" sizes=\"(max-width: 1024px) 100vw, 1024px\" \/><\/a><\/figure>\n","protected":false},"excerpt":{"rendered":"<p>C\u00e9l\u00e9brez les arts en fran\u00e7ais avec nos artistes francophones. Les contes ! La musique ! La danse ! Les murales !<\/p>\n","protected":false},"author":7,"featured_media":1766,"comment_status":"closed","ping_status":"closed","sticky":false,"template":"","format":"standard","meta":{"_acf_changed":false,"footnotes":""},"acf":[],"_links":{"self":[{"href":"https:\/\/www.masconline.ca\/fr\/wp-json\/wp\/v2\/posts\/8956"}],"collection":[{"href":"https:\/\/www.masconline.ca\/fr\/wp-json\/wp\/v2\/posts"}],"about":[{"href":"https:\/\/www.masconline.ca\/fr\/wp-json\/wp\/v2\/types\/post"}],"author":[{"embeddable":true,"href":"https:\/\/www.masconline.ca\/fr\/wp-json\/wp\/v2\/users\/7"}],"replies":[{"embeddable":true,"href":"https:\/\/www.masconline.ca\/fr\/wp-json\/wp\/v2\/comments?post=8956"}],"version-history":[{"count":0,"href":"https:\/\/www.masconline.ca\/fr\/wp-json\/wp\/v2\/posts\/8956\/revisions"}],"wp:featuredmedia":[{"embeddable":true,"href":"https:\/\/www.masconline.ca\/fr\/wp-json\/wp\/v2\/media\/1766"}],"wp:attachment":[{"href":"https:\/\/www.masconline.ca\/fr\/wp-json\/wp\/v2\/media?parent=8956"}],"curies":[{"name":"wp","href":"https:\/\/api.w.org\/{rel}","templated":true}]}}